{"id":58,"date":"2019-12-12T17:00:22","date_gmt":"2019-12-12T17:00:22","guid":{"rendered":"http:\/\/www.gomezgroupmetering.com\/blog\/?p=58"},"modified":"2024-12-18T10:05:27","modified_gmt":"2024-12-18T10:05:27","slug":"apuntate-al-cambio-cuida-el-medio-ambiente","status":"publish","type":"post","link":"https:\/\/www.gomezgroupmetering.com\/blog\/2019\/12\/12\/apuntate-al-cambio-cuida-el-medio-ambiente\/","title":{"rendered":"Ap\u00fantate al cambio, cuida el medio ambiente"},"content":{"rendered":"\n<p>En Madrid, durante la Cumbre Mundial del Clima, se ha puesto de manifiesto la necesidad de reducir las emisiones contaminantes al medio ambiente. Es necesario ahorrar energ\u00eda, utilizarla de forma eficiente y consciente; e ir dando pasos hacia un modelo sostenible.<\/p>\n\n\n\n<p>En&nbsp;<strong>Gomez Group Metering<\/strong>&nbsp;estamos plenamente comprometidos con estos objetivos, por eso ayudamos a nuestros clientes a hacer un uso racional de los recursos. Es importante conocer que la calefacci\u00f3n es uno de los elementos m\u00e1s contaminantes para las ciudades.<\/p>\n\n\n\n<p>En este estudio (realizado con datos reales de consumo de un edificio) vemos que una caldera de gasoil que da servicio a 40 viviendas llega a emitir 125 toneladas de CO2 al a\u00f1o.<\/p>\n\n\n\n<figure class=\"wp-block-image size-full is-resized\"><img fetchpriority=\"high\" decoding=\"async\" width=\"721\" height=\"406\" src=\"https:\/\/www.gomezgroupmetering.com\/blog\/wp-content\/uploads\/2023\/07\/emisiones-efecto-invernadero.jpg\" alt=\"\" class=\"wp-image-59\" style=\"width:841px;height:474px\" srcset=\"https:\/\/www.gomezgroupmetering.com\/blog\/wp-content\/uploads\/2023\/07\/emisiones-efecto-invernadero.jpg 721w, https:\/\/www.gomezgroupmetering.com\/blog\/wp-content\/uploads\/2023\/07\/emisiones-efecto-invernadero-300x169.jpg 300w\" sizes=\"(max-width: 721px) 100vw, 721px\" \/><\/figure>\n\n\n\n<p>La instalaci\u00f3n de&nbsp;<strong>repartidores de costes de calefacci\u00f3n<\/strong>&nbsp;reduce las emisiones de CO2 en 40 millones de toneladas anuales. Adem\u00e1s, genera un considerable ahorro en el presupuesto de la comunidad de propietarios.<\/p>\n\n\n\n<p>Individualizar los consumos y conocer, con precisi\u00f3n, lo que cada vecino gasta en calefacci\u00f3n es la primera medida que podemos tomar para proteger el medio ambiente. De esta forma evitamos el despilfarro de energ\u00eda y recursos.<\/p>\n\n\n\n<h2 class=\"wp-block-heading\">Instala contadores de agua caliente sanitaria<\/h2>\n\n\n\n<p>Instalar&nbsp;<strong>contadores de agua caliente<\/strong>&nbsp;sanitaria en los edificios con sistema centralizado tambi\u00e9n tiene indudables ventajas. En este ejemplo, basado en datos reales, un edificio de 30 vecinos con un consumo anual de 865 m3 de agua al a\u00f1o, reduce un 44% su consumo de agua, y estas son las ventajas para el medio ambiente.<\/p>\n\n\n\n<figure class=\"wp-block-image size-full is-resized\"><img decoding=\"async\" width=\"800\" height=\"399\" src=\"https:\/\/www.gomezgroupmetering.com\/blog\/wp-content\/uploads\/2023\/07\/agua-clima.png\" alt=\"\" class=\"wp-image-60\" style=\"width:839px;height:418px\" srcset=\"https:\/\/www.gomezgroupmetering.com\/blog\/wp-content\/uploads\/2023\/07\/agua-clima.png 800w, https:\/\/www.gomezgroupmetering.com\/blog\/wp-content\/uploads\/2023\/07\/agua-clima-300x150.png 300w, https:\/\/www.gomezgroupmetering.com\/blog\/wp-content\/uploads\/2023\/07\/agua-clima-768x383.png 768w\" sizes=\"(max-width: 800px) 100vw, 800px\" \/><\/figure>\n\n\n\n<p>La Directiva 2012\/27\/UE sobre Eficiencia Energ\u00e9tica pone el acento en la necesidad de conocer y medir el consumo de agua y energ\u00eda que cada uno realiza. Es la mejor medida para poner en marcha acciones que impulsen el ahorro y una mayor eficiencia energ\u00e9tica.<\/p>\n\n\n\n<p>Todos somos protagonistas del gran reto de futuro que supone cuidar el planeta. Los peque\u00f1os gestos del d\u00eda a d\u00eda tienen una enorme transcendencia. Usar la calefacci\u00f3n y el agua \u00abcon cabeza\u00bb contribuye a mejorar nuestro entorno. \u00bfTe apuntas?<\/p>\n","protected":false},"excerpt":{"rendered":"<p>En Madrid, durante la Cumbre Mundial del Clima, se ha puesto de manifiesto la necesidad&#8230;<\/p>\n","protected":false},"author":1,"featured_media":70,"comment_status":"open","ping_status":"open","sticky":false,"template":"","format":"standard","meta":{"footnotes":""},"categories":[1],"tags":[],"class_list":["post-58","post","type-post","status-publish","format-standard","has-post-thumbnail","hentry","category-eficiencia-energetica"],"yoast_head":"<!-- This site is optimized with the Yoast SEO plugin v27.5 - https:\/\/yoast.com\/product\/yoast-seo-wordpress\/ -->\n<title>Cumbre Mundial del Clima - Blog de Gomez Group Metering<\/title>\n<meta name=\"description\" content=\"Cuida el medio ambiente con el ahorro que te ofrece Gomez Group Metering en la Cumbre Mundial del Clima de Madrid\" \/>\n<meta name=\"robots\" content=\"index, follow, max-snippet:-1, max-image-preview:large, max-video-preview:-1\" \/>\n<link rel=\"canonical\" href=\"https:\/\/www.gomezgroupmetering.com\/blog\/2019\/12\/12\/apuntate-al-cambio-cuida-el-medio-ambiente\/\" \/>\n<meta property=\"og:locale\" content=\"es_ES\" \/>\n<meta property=\"og:type\" content=\"article\" \/>\n<meta property=\"og:title\" content=\"Cumbre Mundial del Clima - Blog de Gomez Group Metering\" \/>\n<meta property=\"og:description\" content=\"Cuida el medio ambiente con el ahorro que te ofrece Gomez Group Metering en la Cumbre Mundial del Clima de Madrid\" \/>\n<meta property=\"og:url\" content=\"https:\/\/www.gomezgroupmetering.com\/blog\/2019\/12\/12\/apuntate-al-cambio-cuida-el-medio-ambiente\/\" \/>\n<meta property=\"og:site_name\" content=\"Blog de Gomez Group Metering\" \/>\n<meta property=\"article:publisher\" content=\"https:\/\/www.facebook.com\/gomezgroupmetering\/\" \/>\n<meta property=\"article:published_time\" content=\"2019-12-12T17:00:22+00:00\" \/>\n<meta property=\"article:modified_time\" content=\"2024-12-18T10:05:27+00:00\" \/>\n<meta property=\"og:image\" content=\"https:\/\/www.gomezgroupmetering.com\/blog\/wp-content\/uploads\/2019\/12\/BANNER-CAMBIO-CLIMATICO-SEPT-2019_erika_02-002.jpg\" \/>\n\t<meta property=\"og:image:width\" content=\"1200\" \/>\n\t<meta property=\"og:image:height\" content=\"627\" \/>\n\t<meta property=\"og:image:type\" content=\"image\/jpeg\" \/>\n<meta name=\"author\" content=\"AdminGgmBlog\" \/>\n<meta name=\"twitter:card\" content=\"summary_large_image\" \/>\n<meta name=\"twitter:creator\" content=\"@GomezGroupMeter\" \/>\n<meta name=\"twitter:site\" content=\"@GomezGroupMeter\" \/>\n<meta name=\"twitter:label1\" content=\"Escrito por\" \/>\n\t<meta name=\"twitter:data1\" content=\"AdminGgmBlog\" \/>\n\t<meta name=\"twitter:label2\" content=\"Tiempo de lectura\" \/>\n\t<meta name=\"twitter:data2\" content=\"3 minutos\" \/>\n<script type=\"application\/ld+json\" class=\"yoast-schema-graph\">{\"@context\":\"https:\\\/\\\/schema.org\",\"@graph\":[{\"@type\":[\"Article\",\"BlogPosting\"],\"@id\":\"https:\\\/\\\/www.gomezgroupmetering.com\\\/blog\\\/2019\\\/12\\\/12\\\/apuntate-al-cambio-cuida-el-medio-ambiente\\\/#article\",\"isPartOf\":{\"@id\":\"https:\\\/\\\/www.gomezgroupmetering.com\\\/blog\\\/2019\\\/12\\\/12\\\/apuntate-al-cambio-cuida-el-medio-ambiente\\\/\"},\"author\":{\"name\":\"AdminGgmBlog\",\"@id\":\"https:\\\/\\\/www.gomezgroupmetering.com\\\/blog\\\/#\\\/schema\\\/person\\\/d6d36cb624948cddb32ce4dfcd779829\"},\"headline\":\"Ap\u00fantate al cambio, cuida el medio ambiente\",\"datePublished\":\"2019-12-12T17:00:22+00:00\",\"dateModified\":\"2024-12-18T10:05:27+00:00\",\"mainEntityOfPage\":{\"@id\":\"https:\\\/\\\/www.gomezgroupmetering.com\\\/blog\\\/2019\\\/12\\\/12\\\/apuntate-al-cambio-cuida-el-medio-ambiente\\\/\"},\"wordCount\":353,\"commentCount\":0,\"publisher\":{\"@id\":\"https:\\\/\\\/www.gomezgroupmetering.com\\\/blog\\\/#organization\"},\"image\":{\"@id\":\"https:\\\/\\\/www.gomezgroupmetering.com\\\/blog\\\/2019\\\/12\\\/12\\\/apuntate-al-cambio-cuida-el-medio-ambiente\\\/#primaryimage\"},\"thumbnailUrl\":\"https:\\\/\\\/www.gomezgroupmetering.com\\\/blog\\\/wp-content\\\/uploads\\\/2019\\\/12\\\/BANNER-CAMBIO-CLIMATICO-SEPT-2019_erika_02-002.jpg\",\"articleSection\":[\"EFICIENCIA ENERG\u00c9TICA\"],\"inLanguage\":\"es\",\"potentialAction\":[{\"@type\":\"CommentAction\",\"name\":\"Comment\",\"target\":[\"https:\\\/\\\/www.gomezgroupmetering.com\\\/blog\\\/2019\\\/12\\\/12\\\/apuntate-al-cambio-cuida-el-medio-ambiente\\\/#respond\"]}]},{\"@type\":[\"WebPage\",\"ItemPage\"],\"@id\":\"https:\\\/\\\/www.gomezgroupmetering.com\\\/blog\\\/2019\\\/12\\\/12\\\/apuntate-al-cambio-cuida-el-medio-ambiente\\\/\",\"url\":\"https:\\\/\\\/www.gomezgroupmetering.com\\\/blog\\\/2019\\\/12\\\/12\\\/apuntate-al-cambio-cuida-el-medio-ambiente\\\/\",\"name\":\"Cumbre Mundial del Clima - Blog de Gomez Group Metering\",\"isPartOf\":{\"@id\":\"https:\\\/\\\/www.gomezgroupmetering.com\\\/blog\\\/#website\"},\"primaryImageOfPage\":{\"@id\":\"https:\\\/\\\/www.gomezgroupmetering.com\\\/blog\\\/2019\\\/12\\\/12\\\/apuntate-al-cambio-cuida-el-medio-ambiente\\\/#primaryimage\"},\"image\":{\"@id\":\"https:\\\/\\\/www.gomezgroupmetering.com\\\/blog\\\/2019\\\/12\\\/12\\\/apuntate-al-cambio-cuida-el-medio-ambiente\\\/#primaryimage\"},\"thumbnailUrl\":\"https:\\\/\\\/www.gomezgroupmetering.com\\\/blog\\\/wp-content\\\/uploads\\\/2019\\\/12\\\/BANNER-CAMBIO-CLIMATICO-SEPT-2019_erika_02-002.jpg\",\"datePublished\":\"2019-12-12T17:00:22+00:00\",\"dateModified\":\"2024-12-18T10:05:27+00:00\",\"description\":\"Cuida el medio ambiente con el ahorro que te ofrece Gomez Group Metering en la Cumbre Mundial del Clima de Madrid\",\"breadcrumb\":{\"@id\":\"https:\\\/\\\/www.gomezgroupmetering.com\\\/blog\\\/2019\\\/12\\\/12\\\/apuntate-al-cambio-cuida-el-medio-ambiente\\\/#breadcrumb\"},\"inLanguage\":\"es\",\"potentialAction\":[{\"@type\":\"ReadAction\",\"target\":[\"https:\\\/\\\/www.gomezgroupmetering.com\\\/blog\\\/2019\\\/12\\\/12\\\/apuntate-al-cambio-cuida-el-medio-ambiente\\\/\"]}]},{\"@type\":\"ImageObject\",\"inLanguage\":\"es\",\"@id\":\"https:\\\/\\\/www.gomezgroupmetering.com\\\/blog\\\/2019\\\/12\\\/12\\\/apuntate-al-cambio-cuida-el-medio-ambiente\\\/#primaryimage\",\"url\":\"https:\\\/\\\/www.gomezgroupmetering.com\\\/blog\\\/wp-content\\\/uploads\\\/2019\\\/12\\\/BANNER-CAMBIO-CLIMATICO-SEPT-2019_erika_02-002.jpg\",\"contentUrl\":\"https:\\\/\\\/www.gomezgroupmetering.com\\\/blog\\\/wp-content\\\/uploads\\\/2019\\\/12\\\/BANNER-CAMBIO-CLIMATICO-SEPT-2019_erika_02-002.jpg\",\"width\":1200,\"height\":627,\"caption\":\"banner cambio climatico\"},{\"@type\":\"BreadcrumbList\",\"@id\":\"https:\\\/\\\/www.gomezgroupmetering.com\\\/blog\\\/2019\\\/12\\\/12\\\/apuntate-al-cambio-cuida-el-medio-ambiente\\\/#breadcrumb\",\"itemListElement\":[{\"@type\":\"ListItem\",\"position\":1,\"name\":\"Inicio\",\"item\":\"https:\\\/\\\/gomezgroupmetering.com\\\/\"},{\"@type\":\"ListItem\",\"position\":2,\"name\":\"Blog\",\"item\":\"https:\\\/\\\/gomezgroupmetering.com\\\/blog\\\/\"},{\"@type\":\"ListItem\",\"position\":3,\"name\":\"EFICIENCIA ENERG\u00c9TICA\",\"item\":\"https:\\\/\\\/www.gomezgroupmetering.com\\\/blog\\\/category\\\/eficiencia-energetica\\\/\"},{\"@type\":\"ListItem\",\"position\":4,\"name\":\"Ap\u00fantate al cambio, cuida el medio ambiente\"}]},{\"@type\":\"WebSite\",\"@id\":\"https:\\\/\\\/www.gomezgroupmetering.com\\\/blog\\\/#website\",\"url\":\"https:\\\/\\\/www.gomezgroupmetering.com\\\/blog\\\/\",\"name\":\"Gomez Group Metering\",\"description\":\"\",\"publisher\":{\"@id\":\"https:\\\/\\\/www.gomezgroupmetering.com\\\/blog\\\/#organization\"},\"potentialAction\":[{\"@type\":\"SearchAction\",\"target\":{\"@type\":\"EntryPoint\",\"urlTemplate\":\"https:\\\/\\\/www.gomezgroupmetering.com\\\/blog\\\/?s={search_term_string}\"},\"query-input\":{\"@type\":\"PropertyValueSpecification\",\"valueRequired\":true,\"valueName\":\"search_term_string\"}}],\"inLanguage\":\"es\"},{\"@type\":\"Organization\",\"@id\":\"https:\\\/\\\/www.gomezgroupmetering.com\\\/blog\\\/#organization\",\"name\":\"Gomez Group Metering\",\"url\":\"https:\\\/\\\/www.gomezgroupmetering.com\\\/blog\\\/\",\"logo\":{\"@type\":\"ImageObject\",\"inLanguage\":\"es\",\"@id\":\"https:\\\/\\\/www.gomezgroupmetering.com\\\/blog\\\/#\\\/schema\\\/logo\\\/image\\\/\",\"url\":\"https:\\\/\\\/www.gomezgroupmetering.com\\\/blog\\\/wp-content\\\/uploads\\\/2023\\\/06\\\/cropped-logo-gomez.webp\",\"contentUrl\":\"https:\\\/\\\/www.gomezgroupmetering.com\\\/blog\\\/wp-content\\\/uploads\\\/2023\\\/06\\\/cropped-logo-gomez.webp\",\"width\":299,\"height\":68,\"caption\":\"Gomez Group Metering\"},\"image\":{\"@id\":\"https:\\\/\\\/www.gomezgroupmetering.com\\\/blog\\\/#\\\/schema\\\/logo\\\/image\\\/\"},\"sameAs\":[\"https:\\\/\\\/www.facebook.com\\\/gomezgroupmetering\\\/\",\"https:\\\/\\\/x.com\\\/GomezGroupMeter\",\"https:\\\/\\\/www.linkedin.com\\\/company\\\/gomez-group-metering\\\/\",\"https:\\\/\\\/www.youtube.com\\\/channel\\\/UCgeQIvg5w-rLUyJdJskEyQA\"]},{\"@type\":\"Person\",\"@id\":\"https:\\\/\\\/www.gomezgroupmetering.com\\\/blog\\\/#\\\/schema\\\/person\\\/d6d36cb624948cddb32ce4dfcd779829\",\"name\":\"AdminGgmBlog\",\"image\":{\"@type\":\"ImageObject\",\"inLanguage\":\"es\",\"@id\":\"https:\\\/\\\/secure.gravatar.com\\\/avatar\\\/244b63c7e6d2cf60d1e73880c021e4d63f140714f3d891c277657b68cfb0082f?s=96&d=mm&r=g\",\"url\":\"https:\\\/\\\/secure.gravatar.com\\\/avatar\\\/244b63c7e6d2cf60d1e73880c021e4d63f140714f3d891c277657b68cfb0082f?s=96&d=mm&r=g\",\"contentUrl\":\"https:\\\/\\\/secure.gravatar.com\\\/avatar\\\/244b63c7e6d2cf60d1e73880c021e4d63f140714f3d891c277657b68cfb0082f?s=96&d=mm&r=g\",\"caption\":\"AdminGgmBlog\"},\"sameAs\":[\"http:\\\/\\\/gomezgroupmetering.com\\\/blog\\\/\"],\"url\":\"https:\\\/\\\/www.gomezgroupmetering.com\\\/blog\\\/author\\\/adminggmblog\\\/\"}]}<\/script>\n<!-- \/ Yoast SEO plugin. -->","yoast_head_json":{"title":"Cumbre Mundial del Clima - Blog de Gomez Group Metering","description":"Cuida el medio ambiente con el ahorro que te ofrece Gomez Group Metering en la Cumbre Mundial del Clima de Madrid","robots":{"index":"index","follow":"follow","max-snippet":"max-snippet:-1","max-image-preview":"max-image-preview:large","max-video-preview":"max-video-preview:-1"},"canonical":"https:\/\/www.gomezgroupmetering.com\/blog\/2019\/12\/12\/apuntate-al-cambio-cuida-el-medio-ambiente\/","og_locale":"es_ES","og_type":"article","og_title":"Cumbre Mundial del Clima - Blog de Gomez Group Metering","og_description":"Cuida el medio ambiente con el ahorro que te ofrece Gomez Group Metering en la Cumbre Mundial del Clima de Madrid","og_url":"https:\/\/www.gomezgroupmetering.com\/blog\/2019\/12\/12\/apuntate-al-cambio-cuida-el-medio-ambiente\/","og_site_name":"Blog de Gomez Group Metering","article_publisher":"https:\/\/www.facebook.com\/gomezgroupmetering\/","article_published_time":"2019-12-12T17:00:22+00:00","article_modified_time":"2024-12-18T10:05:27+00:00","og_image":[{"width":1200,"height":627,"url":"https:\/\/www.gomezgroupmetering.com\/blog\/wp-content\/uploads\/2019\/12\/BANNER-CAMBIO-CLIMATICO-SEPT-2019_erika_02-002.jpg","type":"image\/jpeg"}],"author":"AdminGgmBlog","twitter_card":"summary_large_image","twitter_creator":"@GomezGroupMeter","twitter_site":"@GomezGroupMeter","twitter_misc":{"Escrito por":"AdminGgmBlog","Tiempo de lectura":"3 minutos"},"schema":{"@context":"https:\/\/schema.org","@graph":[{"@type":["Article","BlogPosting"],"@id":"https:\/\/www.gomezgroupmetering.com\/blog\/2019\/12\/12\/apuntate-al-cambio-cuida-el-medio-ambiente\/#article","isPartOf":{"@id":"https:\/\/www.gomezgroupmetering.com\/blog\/2019\/12\/12\/apuntate-al-cambio-cuida-el-medio-ambiente\/"},"author":{"name":"AdminGgmBlog","@id":"https:\/\/www.gomezgroupmetering.com\/blog\/#\/schema\/person\/d6d36cb624948cddb32ce4dfcd779829"},"headline":"Ap\u00fantate al cambio, cuida el medio ambiente","datePublished":"2019-12-12T17:00:22+00:00","dateModified":"2024-12-18T10:05:27+00:00","mainEntityOfPage":{"@id":"https:\/\/www.gomezgroupmetering.com\/blog\/2019\/12\/12\/apuntate-al-cambio-cuida-el-medio-ambiente\/"},"wordCount":353,"commentCount":0,"publisher":{"@id":"https:\/\/www.gomezgroupmetering.com\/blog\/#organization"},"image":{"@id":"https:\/\/www.gomezgroupmetering.com\/blog\/2019\/12\/12\/apuntate-al-cambio-cuida-el-medio-ambiente\/#primaryimage"},"thumbnailUrl":"https:\/\/www.gomezgroupmetering.com\/blog\/wp-content\/uploads\/2019\/12\/BANNER-CAMBIO-CLIMATICO-SEPT-2019_erika_02-002.jpg","articleSection":["EFICIENCIA ENERG\u00c9TICA"],"inLanguage":"es","potentialAction":[{"@type":"CommentAction","name":"Comment","target":["https:\/\/www.gomezgroupmetering.com\/blog\/2019\/12\/12\/apuntate-al-cambio-cuida-el-medio-ambiente\/#respond"]}]},{"@type":["WebPage","ItemPage"],"@id":"https:\/\/www.gomezgroupmetering.com\/blog\/2019\/12\/12\/apuntate-al-cambio-cuida-el-medio-ambiente\/","url":"https:\/\/www.gomezgroupmetering.com\/blog\/2019\/12\/12\/apuntate-al-cambio-cuida-el-medio-ambiente\/","name":"Cumbre Mundial del Clima - Blog de Gomez Group Metering","isPartOf":{"@id":"https:\/\/www.gomezgroupmetering.com\/blog\/#website"},"primaryImageOfPage":{"@id":"https:\/\/www.gomezgroupmetering.com\/blog\/2019\/12\/12\/apuntate-al-cambio-cuida-el-medio-ambiente\/#primaryimage"},"image":{"@id":"https:\/\/www.gomezgroupmetering.com\/blog\/2019\/12\/12\/apuntate-al-cambio-cuida-el-medio-ambiente\/#primaryimage"},"thumbnailUrl":"https:\/\/www.gomezgroupmetering.com\/blog\/wp-content\/uploads\/2019\/12\/BANNER-CAMBIO-CLIMATICO-SEPT-2019_erika_02-002.jpg","datePublished":"2019-12-12T17:00:22+00:00","dateModified":"2024-12-18T10:05:27+00:00","description":"Cuida el medio ambiente con el ahorro que te ofrece Gomez Group Metering en la Cumbre Mundial del Clima de Madrid","breadcrumb":{"@id":"https:\/\/www.gomezgroupmetering.com\/blog\/2019\/12\/12\/apuntate-al-cambio-cuida-el-medio-ambiente\/#breadcrumb"},"inLanguage":"es","potentialAction":[{"@type":"ReadAction","target":["https:\/\/www.gomezgroupmetering.com\/blog\/2019\/12\/12\/apuntate-al-cambio-cuida-el-medio-ambiente\/"]}]},{"@type":"ImageObject","inLanguage":"es","@id":"https:\/\/www.gomezgroupmetering.com\/blog\/2019\/12\/12\/apuntate-al-cambio-cuida-el-medio-ambiente\/#primaryimage","url":"https:\/\/www.gomezgroupmetering.com\/blog\/wp-content\/uploads\/2019\/12\/BANNER-CAMBIO-CLIMATICO-SEPT-2019_erika_02-002.jpg","contentUrl":"https:\/\/www.gomezgroupmetering.com\/blog\/wp-content\/uploads\/2019\/12\/BANNER-CAMBIO-CLIMATICO-SEPT-2019_erika_02-002.jpg","width":1200,"height":627,"caption":"banner cambio climatico"},{"@type":"BreadcrumbList","@id":"https:\/\/www.gomezgroupmetering.com\/blog\/2019\/12\/12\/apuntate-al-cambio-cuida-el-medio-ambiente\/#breadcrumb","itemListElement":[{"@type":"ListItem","position":1,"name":"Inicio","item":"https:\/\/gomezgroupmetering.com\/"},{"@type":"ListItem","position":2,"name":"Blog","item":"https:\/\/gomezgroupmetering.com\/blog\/"},{"@type":"ListItem","position":3,"name":"EFICIENCIA ENERG\u00c9TICA","item":"https:\/\/www.gomezgroupmetering.com\/blog\/category\/eficiencia-energetica\/"},{"@type":"ListItem","position":4,"name":"Ap\u00fantate al cambio, cuida el medio ambiente"}]},{"@type":"WebSite","@id":"https:\/\/www.gomezgroupmetering.com\/blog\/#website","url":"https:\/\/www.gomezgroupmetering.com\/blog\/","name":"Gomez Group Metering","description":"","publisher":{"@id":"https:\/\/www.gomezgroupmetering.com\/blog\/#organization"},"potentialAction":[{"@type":"SearchAction","target":{"@type":"EntryPoint","urlTemplate":"https:\/\/www.gomezgroupmetering.com\/blog\/?s={search_term_string}"},"query-input":{"@type":"PropertyValueSpecification","valueRequired":true,"valueName":"search_term_string"}}],"inLanguage":"es"},{"@type":"Organization","@id":"https:\/\/www.gomezgroupmetering.com\/blog\/#organization","name":"Gomez Group Metering","url":"https:\/\/www.gomezgroupmetering.com\/blog\/","logo":{"@type":"ImageObject","inLanguage":"es","@id":"https:\/\/www.gomezgroupmetering.com\/blog\/#\/schema\/logo\/image\/","url":"https:\/\/www.gomezgroupmetering.com\/blog\/wp-content\/uploads\/2023\/06\/cropped-logo-gomez.webp","contentUrl":"https:\/\/www.gomezgroupmetering.com\/blog\/wp-content\/uploads\/2023\/06\/cropped-logo-gomez.webp","width":299,"height":68,"caption":"Gomez Group Metering"},"image":{"@id":"https:\/\/www.gomezgroupmetering.com\/blog\/#\/schema\/logo\/image\/"},"sameAs":["https:\/\/www.facebook.com\/gomezgroupmetering\/","https:\/\/x.com\/GomezGroupMeter","https:\/\/www.linkedin.com\/company\/gomez-group-metering\/","https:\/\/www.youtube.com\/channel\/UCgeQIvg5w-rLUyJdJskEyQA"]},{"@type":"Person","@id":"https:\/\/www.gomezgroupmetering.com\/blog\/#\/schema\/person\/d6d36cb624948cddb32ce4dfcd779829","name":"AdminGgmBlog","image":{"@type":"ImageObject","inLanguage":"es","@id":"https:\/\/secure.gravatar.com\/avatar\/244b63c7e6d2cf60d1e73880c021e4d63f140714f3d891c277657b68cfb0082f?s=96&d=mm&r=g","url":"https:\/\/secure.gravatar.com\/avatar\/244b63c7e6d2cf60d1e73880c021e4d63f140714f3d891c277657b68cfb0082f?s=96&d=mm&r=g","contentUrl":"https:\/\/secure.gravatar.com\/avatar\/244b63c7e6d2cf60d1e73880c021e4d63f140714f3d891c277657b68cfb0082f?s=96&d=mm&r=g","caption":"AdminGgmBlog"},"sameAs":["http:\/\/gomezgroupmetering.com\/blog\/"],"url":"https:\/\/www.gomezgroupmetering.com\/blog\/author\/adminggmblog\/"}]}},"_links":{"self":[{"href":"https:\/\/www.gomezgroupmetering.com\/blog\/wp-json\/wp\/v2\/posts\/58","targetHints":{"allow":["GET"]}}],"collection":[{"href":"https:\/\/www.gomezgroupmetering.com\/blog\/wp-json\/wp\/v2\/posts"}],"about":[{"href":"https:\/\/www.gomezgroupmetering.com\/blog\/wp-json\/wp\/v2\/types\/post"}],"author":[{"embeddable":true,"href":"https:\/\/www.gomezgroupmetering.com\/blog\/wp-json\/wp\/v2\/users\/1"}],"replies":[{"embeddable":true,"href":"https:\/\/www.gomezgroupmetering.com\/blog\/wp-json\/wp\/v2\/comments?post=58"}],"version-history":[{"count":4,"href":"https:\/\/www.gomezgroupmetering.com\/blog\/wp-json\/wp\/v2\/posts\/58\/revisions"}],"predecessor-version":[{"id":620,"href":"https:\/\/www.gomezgroupmetering.com\/blog\/wp-json\/wp\/v2\/posts\/58\/revisions\/620"}],"wp:featuredmedia":[{"embeddable":true,"href":"https:\/\/www.gomezgroupmetering.com\/blog\/wp-json\/wp\/v2\/media\/70"}],"wp:attachment":[{"href":"https:\/\/www.gomezgroupmetering.com\/blog\/wp-json\/wp\/v2\/media?parent=58"}],"wp:term":[{"taxonomy":"category","embeddable":true,"href":"https:\/\/www.gomezgroupmetering.com\/blog\/wp-json\/wp\/v2\/categories?post=58"},{"taxonomy":"post_tag","embeddable":true,"href":"https:\/\/www.gomezgroupmetering.com\/blog\/wp-json\/wp\/v2\/tags?post=58"}],"curies":[{"name":"wp","href":"https:\/\/api.w.org\/{rel}","templated":true}]}}